{"id":4255,"date":"2021-12-20T08:06:27","date_gmt":"2021-12-20T08:06:27","guid":{"rendered":"https:\/\/eypar.com\/eypar-en-orgatec-2016\/"},"modified":"2021-12-20T08:06:27","modified_gmt":"2021-12-20T08:06:27","slug":"eypar-en-orgatec-2016","status":"publish","type":"post","link":"https:\/\/eypar.com\/en\/eypar-en-orgatec-2016\/","title":{"rendered":"EYPAR en ORGATEC 2016"},"content":{"rendered":"<p>EYPAR volver\u00e1 a estar presente en la prestigiosa feria internacional de mobiliario de oficina que se va a celebrar en Colonia (Alemania) entre los d\u00edas 25 al 29 de octubre. En ORGATEC se dan cita las mejores empresas y profesionales del sector, que presentar\u00e1n las \u00faltimas novedades e innovaciones.<\/p>\n<p>Para mas informaci\u00f3n sobre la feria: \u00a0<a href=\"https:\/\/www.orgatec.com\/\" target=\"_blank\" rel=\"noopener\">www.orgatec.com<\/a><\/p>\n<p><em>\u201cEYPAR SA ha participado en la Feria de mobiliario de oficina ORGATEC 2016 celebrada en Colonia, Alemania, y ha contado con el apoyo de ICEX, as\u00ed como con la cofinanciaci\u00f3n de fondos europeos FEDER, habiendo contribuido seg\u00fan la medida de los mismos, al crecimiento econ\u00f3mico de esta empresa, su regi\u00f3n y de Espa\u00f1a en su conjunto\u201d<\/em><\/p>\n","protected":false},"excerpt":{"rendered":"<p>EYPAR volver\u00e1 a estar presente en la prestigiosa feria internacional de mobiliario de oficina que se va a celebrar en Colonia (Alemania) entre los d\u00edas 25 al 29 de octubre. En ORGATEC se dan cita las mejores empresas y profesionales del sector, que presentar\u00e1n las \u00faltimas novedades e innovaciones. Para mas informaci\u00f3n sobre la feria: [&hellip;]<\/p>\n","protected":false},"author":1,"featured_media":2863,"comment_status":"open","ping_status":"open","sticky":false,"template":"","format":"standard","meta":{"_acf_changed":false,"_et_pb_use_builder":"","_et_pb_old_content":"","_et_gb_content_width":"","footnotes":""},"categories":[17],"tags":[],"class_list":["post-4255","post","type-post","status-publish","format-standard","has-post-thumbnail","hentry","category-uncategorized"],"acf":[],"yoast_head":"<!-- This site is optimized with the Yoast SEO plugin v25.2 - https:\/\/yoast.com\/wordpress\/plugins\/seo\/ -->\n<title>EYPAR en ORGATEC 2016 - EYPAR<\/title>\n<meta name=\"robots\" content=\"index, follow, max-snippet:-1, max-image-preview:large, max-video-preview:-1\" \/>\n<link rel=\"canonical\" href=\"https:\/\/eypar.com\/en\/eypar-en-orgatec-2016\/\" \/>\n<meta property=\"og:locale\" content=\"en_US\" \/>\n<meta property=\"og:type\" content=\"article\" \/>\n<meta property=\"og:title\" content=\"EYPAR en ORGATEC 2016 - EYPAR\" \/>\n<meta property=\"og:description\" content=\"EYPAR volver\u00e1 a estar presente en la prestigiosa feria internacional de mobiliario de oficina que se va a celebrar en Colonia (Alemania) entre los d\u00edas 25 al 29 de octubre. En ORGATEC se dan cita las mejores empresas y profesionales del sector, que presentar\u00e1n las \u00faltimas novedades e innovaciones. Para mas informaci\u00f3n sobre la feria: [&hellip;]\" \/>\n<meta property=\"og:url\" content=\"https:\/\/eypar.com\/en\/eypar-en-orgatec-2016\/\" \/>\n<meta property=\"og:site_name\" content=\"EYPAR\" \/>\n<meta property=\"article:published_time\" content=\"2021-12-20T08:06:27+00:00\" \/>\n<meta name=\"author\" content=\"produccion@visualpublinet.com\" \/>\n<meta name=\"twitter:card\" content=\"summary_large_image\" \/>\n<meta name=\"twitter:label1\" content=\"Written by\" \/>\n\t<meta name=\"twitter:data1\" content=\"produccion@visualpublinet.com\" \/>\n\t<meta name=\"twitter:label2\" content=\"Est. reading time\" \/>\n\t<meta name=\"twitter:data2\" content=\"1 minute\" \/>\n<script type=\"application\/ld+json\" class=\"yoast-schema-graph\">{\"@context\":\"https:\/\/schema.org\",\"@graph\":[{\"@type\":\"Article\",\"@id\":\"https:\/\/eypar.com\/en\/eypar-en-orgatec-2016\/#article\",\"isPartOf\":{\"@id\":\"https:\/\/eypar.com\/en\/eypar-en-orgatec-2016\/\"},\"author\":{\"name\":\"produccion@visualpublinet.com\",\"@id\":\"https:\/\/eypar.com\/#\/schema\/person\/abb061f44d31128f243c7e8c9677bb01\"},\"headline\":\"EYPAR en ORGATEC 2016\",\"datePublished\":\"2021-12-20T08:06:27+00:00\",\"mainEntityOfPage\":{\"@id\":\"https:\/\/eypar.com\/en\/eypar-en-orgatec-2016\/\"},\"wordCount\":122,\"commentCount\":0,\"publisher\":{\"@id\":\"https:\/\/eypar.com\/#organization\"},\"image\":{\"@id\":\"https:\/\/eypar.com\/en\/eypar-en-orgatec-2016\/#primaryimage\"},\"thumbnailUrl\":\"https:\/\/eypar.com\/wp-content\/uploads\/2021\/12\/orgatec_12_013_001-620x326-1.jpg\",\"inLanguage\":\"en-US\"},{\"@type\":\"WebPage\",\"@id\":\"https:\/\/eypar.com\/en\/eypar-en-orgatec-2016\/\",\"url\":\"https:\/\/eypar.com\/en\/eypar-en-orgatec-2016\/\",\"name\":\"EYPAR en ORGATEC 2016 - EYPAR\",\"isPartOf\":{\"@id\":\"https:\/\/eypar.com\/#website\"},\"primaryImageOfPage\":{\"@id\":\"https:\/\/eypar.com\/en\/eypar-en-orgatec-2016\/#primaryimage\"},\"image\":{\"@id\":\"https:\/\/eypar.com\/en\/eypar-en-orgatec-2016\/#primaryimage\"},\"thumbnailUrl\":\"https:\/\/eypar.com\/wp-content\/uploads\/2021\/12\/orgatec_12_013_001-620x326-1.jpg\",\"datePublished\":\"2021-12-20T08:06:27+00:00\",\"breadcrumb\":{\"@id\":\"https:\/\/eypar.com\/en\/eypar-en-orgatec-2016\/#breadcrumb\"},\"inLanguage\":\"en-US\",\"potentialAction\":[{\"@type\":\"ReadAction\",\"target\":[\"https:\/\/eypar.com\/en\/eypar-en-orgatec-2016\/\"]}]},{\"@type\":\"ImageObject\",\"inLanguage\":\"en-US\",\"@id\":\"https:\/\/eypar.com\/en\/eypar-en-orgatec-2016\/#primaryimage\",\"url\":\"https:\/\/eypar.com\/wp-content\/uploads\/2021\/12\/orgatec_12_013_001-620x326-1.jpg\",\"contentUrl\":\"https:\/\/eypar.com\/wp-content\/uploads\/2021\/12\/orgatec_12_013_001-620x326-1.jpg\",\"width\":620,\"height\":326,\"caption\":\"Eingang S\u00fcd\"},{\"@type\":\"BreadcrumbList\",\"@id\":\"https:\/\/eypar.com\/en\/eypar-en-orgatec-2016\/#breadcrumb\",\"itemListElement\":[{\"@type\":\"ListItem\",\"position\":1,\"name\":\"Inicio\",\"item\":\"https:\/\/eypar.com\/en\/\"},{\"@type\":\"ListItem\",\"position\":2,\"name\":\"EYPAR en ORGATEC 2016\"}]},{\"@type\":\"WebSite\",\"@id\":\"https:\/\/eypar.com\/#website\",\"url\":\"https:\/\/eypar.com\/\",\"name\":\"EYPAR\",\"description\":\"\",\"publisher\":{\"@id\":\"https:\/\/eypar.com\/#organization\"},\"potentialAction\":[{\"@type\":\"SearchAction\",\"target\":{\"@type\":\"EntryPoint\",\"urlTemplate\":\"https:\/\/eypar.com\/?s={search_term_string}\"},\"query-input\":{\"@type\":\"PropertyValueSpecification\",\"valueRequired\":true,\"valueName\":\"search_term_string\"}}],\"inLanguage\":\"en-US\"},{\"@type\":\"Organization\",\"@id\":\"https:\/\/eypar.com\/#organization\",\"name\":\"EYPAR\",\"url\":\"https:\/\/eypar.com\/\",\"logo\":{\"@type\":\"ImageObject\",\"inLanguage\":\"en-US\",\"@id\":\"https:\/\/eypar.com\/#\/schema\/logo\/image\/\",\"url\":\"https:\/\/eypar.com\/wp-content\/uploads\/2021\/12\/eypar-soluciones-almacenamiento.png\",\"contentUrl\":\"https:\/\/eypar.com\/wp-content\/uploads\/2021\/12\/eypar-soluciones-almacenamiento.png\",\"width\":304,\"height\":74,\"caption\":\"EYPAR\"},\"image\":{\"@id\":\"https:\/\/eypar.com\/#\/schema\/logo\/image\/\"}},{\"@type\":\"Person\",\"@id\":\"https:\/\/eypar.com\/#\/schema\/person\/abb061f44d31128f243c7e8c9677bb01\",\"name\":\"produccion@visualpublinet.com\",\"image\":{\"@type\":\"ImageObject\",\"inLanguage\":\"en-US\",\"@id\":\"https:\/\/eypar.com\/#\/schema\/person\/image\/\",\"url\":\"https:\/\/secure.gravatar.com\/avatar\/f8e37661ecf23489bf1e65088ca5cfbd?s=96&d=mm&r=g\",\"contentUrl\":\"https:\/\/secure.gravatar.com\/avatar\/f8e37661ecf23489bf1e65088ca5cfbd?s=96&d=mm&r=g\",\"caption\":\"produccion@visualpublinet.com\"},\"url\":\"https:\/\/eypar.com\/en\/author\/produccionvisualpublinet-com\/\"}]}<\/script>\n<!-- \/ Yoast SEO plugin. -->","yoast_head_json":{"title":"EYPAR en ORGATEC 2016 - EYPAR","robots":{"index":"index","follow":"follow","max-snippet":"max-snippet:-1","max-image-preview":"max-image-preview:large","max-video-preview":"max-video-preview:-1"},"canonical":"https:\/\/eypar.com\/en\/eypar-en-orgatec-2016\/","og_locale":"en_US","og_type":"article","og_title":"EYPAR en ORGATEC 2016 - EYPAR","og_description":"EYPAR volver\u00e1 a estar presente en la prestigiosa feria internacional de mobiliario de oficina que se va a celebrar en Colonia (Alemania) entre los d\u00edas 25 al 29 de octubre. En ORGATEC se dan cita las mejores empresas y profesionales del sector, que presentar\u00e1n las \u00faltimas novedades e innovaciones. Para mas informaci\u00f3n sobre la feria: [&hellip;]","og_url":"https:\/\/eypar.com\/en\/eypar-en-orgatec-2016\/","og_site_name":"EYPAR","article_published_time":"2021-12-20T08:06:27+00:00","author":"produccion@visualpublinet.com","twitter_card":"summary_large_image","twitter_misc":{"Written by":"produccion@visualpublinet.com","Est. reading time":"1 minute"},"schema":{"@context":"https:\/\/schema.org","@graph":[{"@type":"Article","@id":"https:\/\/eypar.com\/en\/eypar-en-orgatec-2016\/#article","isPartOf":{"@id":"https:\/\/eypar.com\/en\/eypar-en-orgatec-2016\/"},"author":{"name":"produccion@visualpublinet.com","@id":"https:\/\/eypar.com\/#\/schema\/person\/abb061f44d31128f243c7e8c9677bb01"},"headline":"EYPAR en ORGATEC 2016","datePublished":"2021-12-20T08:06:27+00:00","mainEntityOfPage":{"@id":"https:\/\/eypar.com\/en\/eypar-en-orgatec-2016\/"},"wordCount":122,"commentCount":0,"publisher":{"@id":"https:\/\/eypar.com\/#organization"},"image":{"@id":"https:\/\/eypar.com\/en\/eypar-en-orgatec-2016\/#primaryimage"},"thumbnailUrl":"https:\/\/eypar.com\/wp-content\/uploads\/2021\/12\/orgatec_12_013_001-620x326-1.jpg","inLanguage":"en-US"},{"@type":"WebPage","@id":"https:\/\/eypar.com\/en\/eypar-en-orgatec-2016\/","url":"https:\/\/eypar.com\/en\/eypar-en-orgatec-2016\/","name":"EYPAR en ORGATEC 2016 - EYPAR","isPartOf":{"@id":"https:\/\/eypar.com\/#website"},"primaryImageOfPage":{"@id":"https:\/\/eypar.com\/en\/eypar-en-orgatec-2016\/#primaryimage"},"image":{"@id":"https:\/\/eypar.com\/en\/eypar-en-orgatec-2016\/#primaryimage"},"thumbnailUrl":"https:\/\/eypar.com\/wp-content\/uploads\/2021\/12\/orgatec_12_013_001-620x326-1.jpg","datePublished":"2021-12-20T08:06:27+00:00","breadcrumb":{"@id":"https:\/\/eypar.com\/en\/eypar-en-orgatec-2016\/#breadcrumb"},"inLanguage":"en-US","potentialAction":[{"@type":"ReadAction","target":["https:\/\/eypar.com\/en\/eypar-en-orgatec-2016\/"]}]},{"@type":"ImageObject","inLanguage":"en-US","@id":"https:\/\/eypar.com\/en\/eypar-en-orgatec-2016\/#primaryimage","url":"https:\/\/eypar.com\/wp-content\/uploads\/2021\/12\/orgatec_12_013_001-620x326-1.jpg","contentUrl":"https:\/\/eypar.com\/wp-content\/uploads\/2021\/12\/orgatec_12_013_001-620x326-1.jpg","width":620,"height":326,"caption":"Eingang S\u00fcd"},{"@type":"BreadcrumbList","@id":"https:\/\/eypar.com\/en\/eypar-en-orgatec-2016\/#breadcrumb","itemListElement":[{"@type":"ListItem","position":1,"name":"Inicio","item":"https:\/\/eypar.com\/en\/"},{"@type":"ListItem","position":2,"name":"EYPAR en ORGATEC 2016"}]},{"@type":"WebSite","@id":"https:\/\/eypar.com\/#website","url":"https:\/\/eypar.com\/","name":"EYPAR","description":"","publisher":{"@id":"https:\/\/eypar.com\/#organization"},"potentialAction":[{"@type":"SearchAction","target":{"@type":"EntryPoint","urlTemplate":"https:\/\/eypar.com\/?s={search_term_string}"},"query-input":{"@type":"PropertyValueSpecification","valueRequired":true,"valueName":"search_term_string"}}],"inLanguage":"en-US"},{"@type":"Organization","@id":"https:\/\/eypar.com\/#organization","name":"EYPAR","url":"https:\/\/eypar.com\/","logo":{"@type":"ImageObject","inLanguage":"en-US","@id":"https:\/\/eypar.com\/#\/schema\/logo\/image\/","url":"https:\/\/eypar.com\/wp-content\/uploads\/2021\/12\/eypar-soluciones-almacenamiento.png","contentUrl":"https:\/\/eypar.com\/wp-content\/uploads\/2021\/12\/eypar-soluciones-almacenamiento.png","width":304,"height":74,"caption":"EYPAR"},"image":{"@id":"https:\/\/eypar.com\/#\/schema\/logo\/image\/"}},{"@type":"Person","@id":"https:\/\/eypar.com\/#\/schema\/person\/abb061f44d31128f243c7e8c9677bb01","name":"produccion@visualpublinet.com","image":{"@type":"ImageObject","inLanguage":"en-US","@id":"https:\/\/eypar.com\/#\/schema\/person\/image\/","url":"https:\/\/secure.gravatar.com\/avatar\/f8e37661ecf23489bf1e65088ca5cfbd?s=96&d=mm&r=g","contentUrl":"https:\/\/secure.gravatar.com\/avatar\/f8e37661ecf23489bf1e65088ca5cfbd?s=96&d=mm&r=g","caption":"produccion@visualpublinet.com"},"url":"https:\/\/eypar.com\/en\/author\/produccionvisualpublinet-com\/"}]}},"_links":{"self":[{"href":"https:\/\/eypar.com\/en\/wp-json\/wp\/v2\/posts\/4255"}],"collection":[{"href":"https:\/\/eypar.com\/en\/wp-json\/wp\/v2\/posts"}],"about":[{"href":"https:\/\/eypar.com\/en\/wp-json\/wp\/v2\/types\/post"}],"author":[{"embeddable":true,"href":"https:\/\/eypar.com\/en\/wp-json\/wp\/v2\/users\/1"}],"replies":[{"embeddable":true,"href":"https:\/\/eypar.com\/en\/wp-json\/wp\/v2\/comments?post=4255"}],"version-history":[{"count":0,"href":"https:\/\/eypar.com\/en\/wp-json\/wp\/v2\/posts\/4255\/revisions"}],"wp:featuredmedia":[{"embeddable":true,"href":"https:\/\/eypar.com\/en\/wp-json\/wp\/v2\/media\/2863"}],"wp:attachment":[{"href":"https:\/\/eypar.com\/en\/wp-json\/wp\/v2\/media?parent=4255"}],"wp:term":[{"taxonomy":"category","embeddable":true,"href":"https:\/\/eypar.com\/en\/wp-json\/wp\/v2\/categories?post=4255"},{"taxonomy":"post_tag","embeddable":true,"href":"https:\/\/eypar.com\/en\/wp-json\/wp\/v2\/tags?post=4255"}],"curies":[{"name":"wp","href":"https:\/\/api.w.org\/{rel}","templated":true}]}}